{"id":137,"date":"2013-04-12T08:40:05","date_gmt":"2013-04-12T11:40:05","guid":{"rendered":"http:\/\/www.opinando.com.br\/v1\/?p=137"},"modified":"2013-04-15T11:19:51","modified_gmt":"2013-04-15T14:19:51","slug":"vereador-e-mentiroso","status":"publish","type":"post","link":"https:\/\/www.opinando.com.br\/v1\/2013\/04\/12\/vereador-e-mentiroso\/","title":{"rendered":"Vereador \u00e9 mentiroso"},"content":{"rendered":"<div id=\"attachment_148\" style=\"width: 239px\" class=\"wp-caption aligncenter\"><a href=\"http:\/\/www.opinando.com.br\/v1\/2013\/04\/12\/vereador-e-mentiroso\/ze-de-vital_mandacaru\/\" rel=\"attachment wp-att-148\"><img aria-describedby=\"caption-attachment-148\" decoding=\"async\" loading=\"lazy\" class=\"size-full wp-image-148 \" alt=\"Vereador &quot;vulgo&quot; Z\u00e9 de Vitalfoto: mandacaru da srra\" src=\"http:\/\/www.opinando.com.br\/v1\/wp-content\/uploads\/2013\/04\/Ze-de-vital_Mandacaru.jpg\" width=\"229\" height=\"261\" \/><\/a><p id=\"caption-attachment-148\" class=\"wp-caption-text\">Vereador &#8220;vulgo&#8221; Z\u00e9 de Vital<br \/>foto: mandacaru da srra<\/p><\/div>\n<p style=\"text-align: justify;\">Segundo um site noticioso o Vereador Jos\u00e9 Roberto de Souza Caires, \u201cvulgo\u201d Z\u00e9 de Vital, o procurou para denunciar que eu teria recebido R$ 400.000,00 (quatrocentos mil reais) de proventos da C\u00e2mara Municipal, onde trabalhei por dez anos.<\/p>\n<p style=\"text-align: justify;\">Convidado para participar de um programa de radio na 88 FM compareci e, pela quantidade de apoios que recebi, acredito ter esclarecido a situa\u00e7\u00e3o.<\/p>\n<p style=\"text-align: justify;\">A meu pedido o Vereador Caiau entrou com um requerimento na C\u00e2mara para que o seu Presidente apurasse a denuncia, mas a inoper\u00e2ncia do Presidente at\u00e9 o momento nada resolveu, sequer instalou uma Comiss\u00e3o investigativa.<\/p>\n<p style=\"text-align: justify;\">A mentira da denuncia chega a tal ponto que eles pegaram o meu \u00faltimo recebimento e multiplicaram pela quantidade de meses trabalhados e arredondaram para mais. Acontece que, ao contr\u00e1rio do que acontece atualmente, eu s\u00f3 recebi gratifica\u00e7\u00e3o de 100%, como permite a Lei, ap\u00f3s oito anos de servi\u00e7os prestados, enquanto que os atuais comissionados j\u00e1 entraram com gratifica\u00e7\u00e3o de produtividade m\u00e1xima, desde o Procurador Jur\u00eddico (que n\u00e3o cumpre a carga hor\u00e1ria) at\u00e9 os 05 Assessores Parlamentar (todos da situa\u00e7\u00e3o porque o Presidente retalia os Vereadores da Oposi\u00e7\u00e3o), \u201ca t\u00edtulo de incentivo para o bom desempenho dos trabalhos\u201d como diz a Lei. Conclui-se que o tempo integral seria uma prerrogativa para o recebimento da gratifica\u00e7\u00e3o.<\/p>\n<p style=\"text-align: justify;\">No Quadro abaixo mostro minha evolu\u00e7\u00e3o de recebimentos pela C\u00e2mara Municipal, extra\u00eddo dos documentos em que, e quando, prestei Declara\u00e7\u00e3o de Imposto de Renda, e os outros s\u00e3o de Documentos dos arquivos da Contabilidade.<\/p>\n<p style=\"text-align: justify;\"><a href=\"http:\/\/www.opinando.com.br\/v1\/2013\/04\/12\/vereador-e-mentiroso\/vencimentos-2\/\" rel=\"attachment wp-att-142\"><img decoding=\"async\" loading=\"lazy\" class=\"wp-image-142 aligncenter\" alt=\"Vencimentos\" src=\"http:\/\/www.opinando.com.br\/v1\/wp-content\/uploads\/2013\/04\/Vencimentos1-300x188.jpg\" width=\"560\" height=\"384\" \/><\/a><br \/>\nO Vereador Z\u00e9 de Vital \u00e9 mentiroso, mas compreendo que no af\u00e3 de agradar a algu\u00e9m, simplesmente emprestou seu nome, coisa que outro vereador n\u00e3o aceitou. A este meus respeitos, sempre aumentando.<\/p>\n<p style=\"text-align: justify;\">Nas declara\u00e7\u00f5es prestadas \u00e0 Justi\u00e7a Eleitoral o mentiroso Z\u00e9 de Vital diz que seu n\u00edvel de escolaridade \u00e9 \u201cfundamental incompleto\u201d, ent\u00e3o quem o conhece sabe muito bem que o racioc\u00ednio da denuncia n\u00e3o \u00e9 do feitio dele e a palavra \u201cvulgo\u201d \u00e9 de uso muito corriqueiro de uma classe profissional espec\u00edfica.<\/p>\n<p style=\"text-align: justify;\">O Presidente Jo\u00e3o Amorim deve uma resposta \u00e0 sociedade. Ele tem que exercer o cargo com a hombridade dos presidentes anteriores n\u00e3o deixando pairar d\u00favidas sobre a institui\u00e7\u00e3o que preside.<\/p>\n<p style=\"text-align: justify;\">Vereador Z\u00e9 de Vital, mesmo sem sua permiss\u00e3o: Vossa Excel\u00eancia \u00e9 um mentiroso.<\/p>\n<p style=\"text-align: center;\"><a href=\"http:\/\/divulgacand2012.tse.jus.br\/divulgacand2012\/abrirTelaPesquisaCandidatosPorUF.action?siglaUFSelecionada=BA\" target=\"_blank\" rel=\"attachment wp-att-139\"><img decoding=\"async\" loading=\"lazy\" class=\"wp-image-139 aligncenter\" alt=\"Z\u00e9-Vital\" src=\"http:\/\/www.opinando.com.br\/v1\/wp-content\/uploads\/2013\/04\/Z\u00e9-Vital-300x98.jpg\" width=\"540\" height=\"188\" \/><\/a><\/p>\n<p><a href=\"http:\/\/www.youblisher.com\/p\/604991-Comprovantes-de-pgto\/\" target=\"_blank\">Comprovantes de pgto<\/a><\/p>\n","protected":false},"excerpt":{"rendered":"<p>Segundo um site noticioso o Vereador Jos\u00e9 Roberto de Souza Caires, \u201cvulgo\u201d Z\u00e9 de Vital, o procurou para denunciar que eu teria recebido R$ 400.000,00 (quatrocentos mil reais) de proventos da C\u00e2mara Municipal, onde trabalhei por dez anos. Convidado para participar de um programa de radio na 88 FM compareci e, pela quantidade de apoios [&hellip;]<\/p>\n","protected":false},"author":2,"featured_media":0,"comment_status":"open","ping_status":"open","sticky":false,"template":"","format":"standard","meta":{"_links_to":"","_links_to_target":""},"categories":[3],"tags":[],"views":2121,"_links":{"self":[{"href":"https:\/\/www.opinando.com.br\/v1\/wp-json\/wp\/v2\/posts\/137"}],"collection":[{"href":"https:\/\/www.opinando.com.br\/v1\/wp-json\/wp\/v2\/posts"}],"about":[{"href":"https:\/\/www.opinando.com.br\/v1\/wp-json\/wp\/v2\/types\/post"}],"author":[{"embeddable":true,"href":"https:\/\/www.opinando.com.br\/v1\/wp-json\/wp\/v2\/users\/2"}],"replies":[{"embeddable":true,"href":"https:\/\/www.opinando.com.br\/v1\/wp-json\/wp\/v2\/comments?post=137"}],"version-history":[{"count":12,"href":"https:\/\/www.opinando.com.br\/v1\/wp-json\/wp\/v2\/posts\/137\/revisions"}],"predecessor-version":[{"id":152,"href":"https:\/\/www.opinando.com.br\/v1\/wp-json\/wp\/v2\/posts\/137\/revisions\/152"}],"wp:attachment":[{"href":"https:\/\/www.opinando.com.br\/v1\/wp-json\/wp\/v2\/media?parent=137"}],"wp:term":[{"taxonomy":"category","embeddable":true,"href":"https:\/\/www.opinando.com.br\/v1\/wp-json\/wp\/v2\/categories?post=137"},{"taxonomy":"post_tag","embeddable":true,"href":"https:\/\/www.opinando.com.br\/v1\/wp-json\/wp\/v2\/tags?post=137"}],"curies":[{"name":"wp","href":"https:\/\/api.w.org\/{rel}","templated":true}]}}