{"id":257,"date":"2013-07-22T11:21:04","date_gmt":"2013-07-22T14:21:04","guid":{"rendered":"http:\/\/www.opinando.com.br\/v1\/?p=257"},"modified":"2013-07-22T11:22:07","modified_gmt":"2013-07-22T14:22:07","slug":"nao-e-so-rezar-para-chover","status":"publish","type":"post","link":"https:\/\/www.opinando.com.br\/v1\/2013\/07\/22\/nao-e-so-rezar-para-chover\/","title":{"rendered":"N\u00e3o \u00e9 s\u00f3 rezar para chover!"},"content":{"rendered":"<p style=\"text-align: center;\"><a href=\"http:\/\/www.opinando.com.br\/v1\/2013\/06\/26\/a-mudanca-aconteceu-mas-para-pior\/opiniao\/\" rel=\"attachment wp-att-239\"><img decoding=\"async\" loading=\"lazy\" class=\" wp-image-239 aligncenter\" alt=\"Opiniao\" src=\"http:\/\/www.opinando.com.br\/v1\/wp-content\/uploads\/2013\/06\/Opiniao.jpg\" width=\"305\" height=\"305\" srcset=\"https:\/\/www.opinando.com.br\/v1\/wp-content\/uploads\/2013\/06\/Opiniao.jpg 436w, https:\/\/www.opinando.com.br\/v1\/wp-content\/uploads\/2013\/06\/Opiniao-150x150.jpg 150w, https:\/\/www.opinando.com.br\/v1\/wp-content\/uploads\/2013\/06\/Opiniao-300x300.jpg 300w\" sizes=\"(max-width: 305px) 100vw, 305px\" \/><\/a><\/p>\n<p style=\"text-align: justify;\">Participei na \u00faltima quinta e sexta-feira do 27\u00ba Encontro de Entidades de Economistas do Nordeste e a \u00faltima palestra foi do secret\u00e1rio estadual de agricultura, o senhor Eduardo Salles. A palestra transcorreu de uma maneira bem informal e pelo que o secret\u00e1rio dizia parec\u00edamos viver em tempos de bonan\u00e7a sem fim. Livramento fora lembrado ao falar das grandes crises provocadas pela seca, que assim como eu, ele diz j\u00e1 se arrastar por mais de 3 anos.<\/p>\n<p style=\"text-align: justify;\">Encerrado o encontro, o secret\u00e1rio recebia os cumprimentos, aproveitei para me aproximar. Logo de cara me identifiquei como livramentense e pedia \u201cboas novas\u201d para minha amada terra ao secret\u00e1rio. Para surpresa ele me disse: \u201ctenho sim, j\u00e1 atualizei o projeto de pressuriza\u00e7\u00e3o e o apresentei mais uma vez ao minist\u00e9rio.\u201d Eu logo retruquei: \u201cmas secret\u00e1rio, este projeto existe desde 89, quando fora inaugurado incompleto o per\u00edmetro, o projeto de pressuriza\u00e7\u00e3o n\u00e3o \u00e9 nenhuma novidade.\u201d<\/p>\n<p style=\"text-align: justify;\">Ele j\u00e1 n\u00e3o me olhava do mesmo jeito, acho que acreditava que aquela sua singela resposta seria tudo que eu esperaria ouvir e que sairia dali radiante de felicidade, mas n\u00e3o foi. Citei outras necessidades \u201cbatidas\u201d do per\u00edmetro e o questionei mais uma vez: \u201cTem previs\u00e3o para que algo seja feito? O governo precisa intervir, estamos esquecidos.\u201d Foi ent\u00e3o que com um sorriso ir\u00f4nico me respondeu: \u201cPor agora, \u00e9 s\u00f3 rezar para chover!\u201d<\/p>\n<p style=\"text-align: justify;\">Esta sua \u00faltima frase \u201cmartelou\u201d a minha cabe\u00e7a por todo este fim de semana e sinceramente, ela se confunde ao \u201csil\u00eancio\u201d e passividade de nosso povo ao ver \u201cmorrer\u201d o Per\u00edmetro Irrigado do Brumado, poucas s\u00e3o as vozes que se fazem ser ouvidas. Somos de uma cidade eminentemente agr\u00edcola e nossa hist\u00f3ria mostra isso. N\u00e3o nos basta rezar para chover, o per\u00edmetro precisa ser repensado, se reestruturar e buscar alternativas que o fa\u00e7a emergir desta crise que fora instalada pela inoper\u00e2ncia de muitos governos, obviamente que agravado pela seca.<\/p>\n<p style=\"text-align: justify;\">A \u00fanica a\u00e7\u00e3o governamental foi a prorroga\u00e7\u00e3o do prazo para os pagamentos dos empr\u00e9stimos agr\u00edcolas, at\u00e9 porque, os produtores n\u00e3o tem como arcar com eles sem produzir. Mas, n\u00e3o d\u00e1 mais para convivermos com o primitivismo dos \u201cregos\u201d e desperdi\u00e7armos tanta \u00e1gua. Os donos de terras precisam ter o \u201ct\u00edtulo\u201d que certifique realmente a sua propriedade. Necessitamos de alternativas para que a Barragem do Paulo deixe de ser apenas uma figura\u00e7\u00e3o. E deve ser rediscutido tamb\u00e9m a forma da produ\u00e7\u00e3o, principalmente o uso dos agrot\u00f3xicos.<\/p>\n<p style=\"text-align: justify;\">Se mantivermos passivos e alheio a tudo isso, permaneceremos esquecidos aos olhos do governo, como fomos em todos estes anos. Recentemente a Bahia foi contemplada com investimentos na ordem de 500 milh\u00f5es no Programa Mais Irriga\u00e7\u00e3o do governo federal e ficamos de fora. Volto a empunhar esta bandeira e conclamo nosso povo em defesa de uma patrim\u00f4nio de todos livramentenses. O povo j\u00e1 mostrou que sua voz \u00e9 ouvida!<\/p>\n<p style=\"text-align: justify;\"><a href=\"http:\/\/www.opinando.com.br\/v1\/2013\/06\/26\/a-mudanca-aconteceu-mas-para-pior\/lucas2\/\" rel=\"attachment wp-att-234\"><img decoding=\"async\" loading=\"lazy\" alt=\"Lucas2\" src=\"http:\/\/www.opinando.com.br\/v1\/wp-content\/uploads\/2013\/06\/Lucas2.jpg\" width=\"157\" height=\"164\" \/><\/a>\u00a0 Lucas Sp\u00ednola, livramentense, graduando em Economia<\/p>\n<p style=\"text-align: justify;\">\n","protected":false},"excerpt":{"rendered":"<p>Participei na \u00faltima quinta e sexta-feira do 27\u00ba Encontro de Entidades de Economistas do Nordeste e a \u00faltima palestra foi do secret\u00e1rio estadual de agricultura, o senhor Eduardo Salles. A palestra transcorreu de uma maneira bem informal e pelo que o secret\u00e1rio dizia parec\u00edamos viver em tempos de bonan\u00e7a sem fim. Livramento fora lembrado ao [&hellip;]<\/p>\n","protected":false},"author":2,"featured_media":0,"comment_status":"open","ping_status":"open","sticky":false,"template":"","format":"standard","meta":{"_links_to":"","_links_to_target":""},"categories":[1],"tags":[],"views":1201,"_links":{"self":[{"href":"https:\/\/www.opinando.com.br\/v1\/wp-json\/wp\/v2\/posts\/257"}],"collection":[{"href":"https:\/\/www.opinando.com.br\/v1\/wp-json\/wp\/v2\/posts"}],"about":[{"href":"https:\/\/www.opinando.com.br\/v1\/wp-json\/wp\/v2\/types\/post"}],"author":[{"embeddable":true,"href":"https:\/\/www.opinando.com.br\/v1\/wp-json\/wp\/v2\/users\/2"}],"replies":[{"embeddable":true,"href":"https:\/\/www.opinando.com.br\/v1\/wp-json\/wp\/v2\/comments?post=257"}],"version-history":[{"count":3,"href":"https:\/\/www.opinando.com.br\/v1\/wp-json\/wp\/v2\/posts\/257\/revisions"}],"predecessor-version":[{"id":260,"href":"https:\/\/www.opinando.com.br\/v1\/wp-json\/wp\/v2\/posts\/257\/revisions\/260"}],"wp:attachment":[{"href":"https:\/\/www.opinando.com.br\/v1\/wp-json\/wp\/v2\/media?parent=257"}],"wp:term":[{"taxonomy":"category","embeddable":true,"href":"https:\/\/www.opinando.com.br\/v1\/wp-json\/wp\/v2\/categories?post=257"},{"taxonomy":"post_tag","embeddable":true,"href":"https:\/\/www.opinando.com.br\/v1\/wp-json\/wp\/v2\/tags?post=257"}],"curies":[{"name":"wp","href":"https:\/\/api.w.org\/{rel}","templated":true}]}}