{"id":284,"date":"2013-09-08T05:55:36","date_gmt":"2013-09-08T08:55:36","guid":{"rendered":"http:\/\/www.opinando.com.br\/v1\/?p=284"},"modified":"2013-09-08T10:36:05","modified_gmt":"2013-09-08T13:36:05","slug":"esperteza-eleitoreira","status":"publish","type":"post","link":"https:\/\/www.opinando.com.br\/v1\/2013\/09\/08\/esperteza-eleitoreira\/","title":{"rendered":"ESPERTEZA ELEITOREIRA*"},"content":{"rendered":"<h3 style=\"text-align: justify;\"><span style=\"color: #808080; font-size: 1.17em;\">As manifesta\u00e7\u00f5es de rua no dia 7 de setembro deste ano me fizeram concluir tudo o que venho pensando sobre o programa \u201cMais M\u00e9dicos\u201d, do governo federal.<\/span><\/h3>\n<p><a href=\"http:\/\/www.opinando.com.br\/v1\/2013\/09\/08\/esperteza-eleitoreira\/carlao-para-site\/\" rel=\"attachment wp-att-285\"><img decoding=\"async\" loading=\"lazy\" class=\"wp-image-285 alignleft\" style=\"border: 0px; margin: 5px;\" alt=\"Carl\u00e3o para site\" src=\"http:\/\/www.opinando.com.br\/v1\/wp-content\/uploads\/2013\/09\/Carl\u00e3o-para-site.jpg\" width=\"267\" height=\"202\" srcset=\"https:\/\/www.opinando.com.br\/v1\/wp-content\/uploads\/2013\/09\/Carl\u00e3o-para-site.jpg 445w, https:\/\/www.opinando.com.br\/v1\/wp-content\/uploads\/2013\/09\/Carl\u00e3o-para-site-300x226.jpg 300w\" sizes=\"(max-width: 267px) 100vw, 267px\" \/><\/a><\/p>\n<p style=\"text-align: justify;\">N\u00e3o sou contra a presen\u00e7a de um m\u00e9dico nos grot\u00f5es do nosso imenso pais, no entanto, mais importante que a presen\u00e7a f\u00edsica do m\u00e9dico \u00e9 a condi\u00e7\u00e3o\u00a0material para o exerc\u00edcio profissional digno, por parte de quem se disp\u00f5e a trabalhar onde quer que seja. Al\u00e9m de ouvir as queixas do paciente \u00e9 preciso olhar nos olhos da popula\u00e7\u00e3o fragilizada e carente que usa 100% dos servi\u00e7os de sa\u00fade p\u00fablica por total falta de condi\u00e7\u00f5es para pagar uma simples consulta.<\/p>\n<p style=\"text-align: justify;\">Tamb\u00e9m n\u00e3o concordo com a malha\u00e7\u00e3o aos cubanos, que s\u00e3o tamb\u00e9m v\u00edtimas de uma ditadura que forma m\u00e9dicos &#8220;tipo exporta\u00e7\u00e3o&#8221; em quatro anos, com o simples interesse de refor\u00e7ar o caixa do pa\u00eds, em tempo de vacas magras, destinando menos de 50% do valor pago pelo Brasil a Cuba aos profissionais e tem sua fam\u00edlia sem poder sair da ilha. Tudo isso para evitar alguma &#8220;surpresa desagrad\u00e1vel&#8221;, com a evas\u00e3o de alguns profissionais.<\/p>\n<p style=\"text-align: justify;\">Sonho com um Brasil que possa trazer os melhores m\u00e9dicos do mundo e absorve-los no mercado nacional, cumprindo todas as exig\u00eancias legais e exercendo a profiss\u00e3o com excelentes condi\u00e7\u00f5es, como hoje fazem os Estados Unidos, Canad\u00e1 e Europa<\/p>\n<p style=\"text-align: justify;\">Nas manifesta\u00e7\u00f5es de rua deste 7 de setembro parece que a propaganda maci\u00e7a do governo, elogiando o programa &#8220;salvador da sa\u00fade&#8221; do povo brasileiro surtiram efeito e o clamor por mais sa\u00fade parece ter diminu\u00eddo. Em minha opini\u00e3o tudo isso est\u00e1 sendo feito para melhorar as condi\u00e7\u00f5es da presidentE na busca da reelei\u00e7\u00e3o.<\/p>\n<p style=\"text-align: justify;\">Mercadante j\u00e1 fala no programa mais professores, principalmente de f\u00edsica, matem\u00e1tica e l\u00ednguas.<\/p>\n<p style=\"text-align: justify;\">Ser\u00e1 que, em futuro n\u00e3o muito distante, vamos nos deparar com os programas mais transportes: \u00f4nibus, metr\u00f4, trem bala, etc&#8230;? Mais seguran\u00e7a: Policiais civis, militares, delegacias, pres\u00eddios, etc&#8230; Mais casas populares; para acabar com o clamor popular por mais transportes, seguran\u00e7a e moradia? \u00a0Como n\u00e3o tem condi\u00e7\u00f5es de alterar a curto prazo a realidade destes itens, o governo resolveu fazer essa trapalhada com a classe m\u00e9dica deste pais.<\/p>\n<p style=\"text-align: justify;\">Quero tentar provocar uma discuss\u00e3o lucida com os colegas m\u00e9dicos e demais profissionais de sa\u00fade e segmentos da sociedade organizada, embora seja terminantemente contra o programa \u201cMais M\u00e9dicos\u201d, do governo federal, pela forma como que ele foi apressadamente implantado, deixando claro ainda que importa\u00e7\u00e3o de cubanos para a Venezuela foi um fiasco e n\u00e3o tinha o fator idioma para complicar ainda mais a comunica\u00e7\u00e3o como vamos ter no Brasil.<\/p>\n<h6 style=\"text-align: justify;\">*Carlos Roberto Souto Batista \u00e9 m\u00e9dico e ex-prefeito de Livramento de Nossa Senhora<\/h6>\n","protected":false},"excerpt":{"rendered":"<p>As manifesta\u00e7\u00f5es de rua no dia 7 de setembro deste ano me fizeram concluir tudo o que venho pensando sobre o programa \u201cMais M\u00e9dicos\u201d, do governo federal. N\u00e3o sou contra a presen\u00e7a de um m\u00e9dico nos grot\u00f5es do nosso imenso pais, no entanto, mais importante que a presen\u00e7a f\u00edsica do m\u00e9dico \u00e9 a condi\u00e7\u00e3o\u00a0material para [&hellip;]<\/p>\n","protected":false},"author":2,"featured_media":0,"comment_status":"open","ping_status":"open","sticky":false,"template":"","format":"standard","meta":{"_links_to":"","_links_to_target":""},"categories":[1],"tags":[],"views":1835,"_links":{"self":[{"href":"https:\/\/www.opinando.com.br\/v1\/wp-json\/wp\/v2\/posts\/284"}],"collection":[{"href":"https:\/\/www.opinando.com.br\/v1\/wp-json\/wp\/v2\/posts"}],"about":[{"href":"https:\/\/www.opinando.com.br\/v1\/wp-json\/wp\/v2\/types\/post"}],"author":[{"embeddable":true,"href":"https:\/\/www.opinando.com.br\/v1\/wp-json\/wp\/v2\/users\/2"}],"replies":[{"embeddable":true,"href":"https:\/\/www.opinando.com.br\/v1\/wp-json\/wp\/v2\/comments?post=284"}],"version-history":[{"count":9,"href":"https:\/\/www.opinando.com.br\/v1\/wp-json\/wp\/v2\/posts\/284\/revisions"}],"predecessor-version":[{"id":295,"href":"https:\/\/www.opinando.com.br\/v1\/wp-json\/wp\/v2\/posts\/284\/revisions\/295"}],"wp:attachment":[{"href":"https:\/\/www.opinando.com.br\/v1\/wp-json\/wp\/v2\/media?parent=284"}],"wp:term":[{"taxonomy":"category","embeddable":true,"href":"https:\/\/www.opinando.com.br\/v1\/wp-json\/wp\/v2\/categories?post=284"},{"taxonomy":"post_tag","embeddable":true,"href":"https:\/\/www.opinando.com.br\/v1\/wp-json\/wp\/v2\/tags?post=284"}],"curies":[{"name":"wp","href":"https:\/\/api.w.org\/{rel}","templated":true}]}}