{"id":329,"date":"2014-02-03T06:32:48","date_gmt":"2014-02-03T09:32:48","guid":{"rendered":"http:\/\/www.opinando.com.br\/v1\/?p=329"},"modified":"2014-02-03T06:32:48","modified_gmt":"2014-02-03T09:32:48","slug":"escolas-municipais-fazem-exigencias-ilegais","status":"publish","type":"post","link":"https:\/\/www.opinando.com.br\/v1\/2014\/02\/03\/escolas-municipais-fazem-exigencias-ilegais\/","title":{"rendered":"Escolas municipais fazem exig\u00eancias ilegais"},"content":{"rendered":"<h2 style=\"text-align: center;\"><span style=\"color: #888888;\">Em escolas particulares as listas de materiais j\u00e1 sofrem limita\u00e7\u00f5es, nas p\u00fablicas nem deveriam existir<\/span><\/h2>\n<div id=\"attachment_333\" style=\"width: 280px\" class=\"wp-caption aligncenter\"><a title=\"Rela\u00e7\u00e3o de materiais do R\u00f4mulo\" href=\"http:\/\/www.opinando.com.br\/v1\/wp-content\/uploads\/2014\/02\/Rela\u00e7\u00e3o_R\u00f4mulo.jpg\" target=\"_blank\"><img aria-describedby=\"caption-attachment-333\" decoding=\"async\" loading=\"lazy\" class=\" wp-image-333 \" alt=\"Rela\u00e7\u00e3o_R\u00f4mulo_450\" src=\"http:\/\/www.opinando.com.br\/v1\/wp-content\/uploads\/2014\/02\/Rela\u00e7\u00e3o_R\u00f4mulo_450.jpg\" width=\"270\" height=\"437\" srcset=\"https:\/\/www.opinando.com.br\/v1\/wp-content\/uploads\/2014\/02\/Rela\u00e7\u00e3o_R\u00f4mulo_450.jpg 450w, https:\/\/www.opinando.com.br\/v1\/wp-content\/uploads\/2014\/02\/Rela\u00e7\u00e3o_R\u00f4mulo_450-185x300.jpg 185w\" sizes=\"(max-width: 270px) 100vw, 270px\" \/><\/a><p id=\"caption-attachment-333\" class=\"wp-caption-text\">Clique na imagem para ampliar<\/p><\/div>\n<p style=\"text-align: justify;\">\u00c9 antiga a briga de pais, que mantem filhos em escolas particulares, contra as famigeradas listas de material escolar. T\u00e3o antiga que j\u00e1 \u00e9 pauta corriqueira nos grandes jornais pa\u00eds a fora, de grades brigas em procons, nesta \u00e9poca do ano, neste pa\u00eds de dimens\u00e3o continental. T\u00e3o importante combater desmandos que foi sancionada uma Lei, no final do ano passado, (LEI N\u00ba 12.886, DE 26 DE NOVEMBRO DE 2013.) direcionando quais materiais podem entrar nas listas de materiais, DAS ESCOLAS PARTICULARES.<\/p>\n<p style=\"text-align: justify;\">Nas escolas p\u00fablicas o tema nem se discute, pois \u00e9 de livre vontade, e condi\u00e7\u00f5es financeiras, dos pais a compra de itens sup\u00e9rfluos \u00e0 educa\u00e7\u00e3o de seus filhos. Por ser uma escola p\u00fablica \u00e9 obriga\u00e7\u00e3o do munic\u00edpio o fornecimento de materiais, excetuando cadernos e l\u00e1pis, mas mesmo assim n\u00e3o deveria ser indicado o tipo pela escola.<\/p>\n<p style=\"text-align: justify;\">Em Livramento, cuja Secret\u00e1ria de Educa\u00e7\u00e3o \u00e9 Pedagoga e Estudante de Direito (!), uma extensa lista \u00e9 entregue aos pais de alunos. O material de uma dessas listas chega a custar R$ 80,00. Nas listas tem observa\u00e7\u00f5es tipo \u201cAten\u00e7\u00e3o: Todo o material dever\u00e1 ser entregue a professora no primeiro dia, de aula, forrados e etiquetados.\u201d \u2013 os erros encontrados nesta frase entre aspas s\u00e3o de autoria do professor. Por ser uma escola p\u00fablica, para onde acorrem alunos de classes\u00a0sociais de baixo poder aquisitivo, tais listas nem deveriam existir, as exig\u00eancias menos ainda.<\/p>\n<p style=\"text-align: justify;\">Canetinhas Hidrocor, agenda, envelopes, caixa de l\u00e1pis de cor, pacotes de papel of\u00edcio (assim, no plural mesmo \u2013 exigem 3) pinc\u00e9is para quadro branco recarreg\u00e1vel (ainda tem esta determina\u00e7\u00e3o), s\u00e3o alguns dos materiais pedidos, al\u00e9m da observa\u00e7\u00e3o de que o aluno dever\u00e1 \u201ctrazer 01 copo\u201d.<\/p>\n<div id=\"attachment_331\" style=\"width: 123px\" class=\"wp-caption alignleft\"><a title=\"Rela\u00e7\u00e3o de materiais da L\u00e9lis\" href=\"http:\/\/www.opinando.com.br\/v1\/wp-content\/uploads\/2014\/02\/Rela\u00e7\u00e3o_Lelis.jpg\" target=\"_blank\"><img aria-describedby=\"caption-attachment-331\" decoding=\"async\" loading=\"lazy\" class=\" wp-image-331    \" style=\"margin-left: 10px; margin-right: 10px;\" alt=\"Rela\u00e7\u00e3o_Lelis_450\" src=\"http:\/\/www.opinando.com.br\/v1\/wp-content\/uploads\/2014\/02\/Rela\u00e7\u00e3o_Lelis_450.jpg\" width=\"113\" height=\"153\" srcset=\"https:\/\/www.opinando.com.br\/v1\/wp-content\/uploads\/2014\/02\/Rela\u00e7\u00e3o_Lelis_450.jpg 450w, https:\/\/www.opinando.com.br\/v1\/wp-content\/uploads\/2014\/02\/Rela\u00e7\u00e3o_Lelis_450-222x300.jpg 222w\" sizes=\"(max-width: 113px) 100vw, 113px\" \/><\/a><p id=\"caption-attachment-331\" class=\"wp-caption-text\">Rela\u00e7\u00e3o de materiais da L\u00e9lis Piedade<br \/>Clique na imagem para ampliar<\/p><\/div>\n<p style=\"text-align: justify;\">A solicita\u00e7\u00e3o de materiais coletivos e de uso \u00fanico da escola \u00e9 um afronte \u00e0s Leis, a solicita\u00e7\u00e3o de copo chega ao rid\u00edculo. O Munic\u00edpio recebe verba espec\u00edfica para manuten\u00e7\u00e3o do ensino fundamental, os conhecidos recursos do Fundeb, que 40% do total deveriam ser usados para financiar o funcionamento escolar.<\/p>\n<p style=\"text-align: justify;\">Solicitar a pais de alunos para fornecer material \u00e0s escolas dep\u00f5e contra o sistema educacional do munic\u00edpio, demonstrando a fragilidade administrativa e o pouco caso e respeito com as fam\u00edlias mais necessitadas do munic\u00edpio, quando se sabe que os pais far\u00e3o todos os tipos de sacrif\u00edcios para atenderem a seus filhos, para que os mesmos n\u00e3o passem por constrangimento no local onde deveriam ser educados, orientados e inseridos socialmente, para enfrentarem o mundo que come\u00e7a a descortinar em suas vidas.<\/p>\n<p style=\"text-align: justify;\">Em 2013 o munic\u00edpio recebeu de FUNDEB 8.152.196,25 e de PDDE (Programa Dinheiro Direto na Escola), que \u00e9 da administra\u00e7\u00e3o da escola e serve para cobrir despesas da mesma, com delibera\u00e7\u00e3o do seu uso pela comunidade escolar, um total de 649.066,05. A Educa\u00e7\u00e3o deveria ser vista como maior prioridade do munic\u00edpio, afinal s\u00e3o as crian\u00e7as e jovens de hoje que cuidaram do nosso futuro.<\/p>\n","protected":false},"excerpt":{"rendered":"<p>Em escolas particulares as listas de materiais j\u00e1 sofrem limita\u00e7\u00f5es, nas p\u00fablicas nem deveriam existir \u00c9 antiga a briga de pais, que mantem filhos em escolas particulares, contra as famigeradas listas de material escolar. T\u00e3o antiga que j\u00e1 \u00e9 pauta corriqueira nos grandes jornais pa\u00eds a fora, de grades brigas em procons, nesta \u00e9poca do [&hellip;]<\/p>\n","protected":false},"author":2,"featured_media":0,"comment_status":"open","ping_status":"open","sticky":false,"template":"","format":"standard","meta":{"_links_to":"","_links_to_target":""},"categories":[1],"tags":[],"views":1070,"_links":{"self":[{"href":"https:\/\/www.opinando.com.br\/v1\/wp-json\/wp\/v2\/posts\/329"}],"collection":[{"href":"https:\/\/www.opinando.com.br\/v1\/wp-json\/wp\/v2\/posts"}],"about":[{"href":"https:\/\/www.opinando.com.br\/v1\/wp-json\/wp\/v2\/types\/post"}],"author":[{"embeddable":true,"href":"https:\/\/www.opinando.com.br\/v1\/wp-json\/wp\/v2\/users\/2"}],"replies":[{"embeddable":true,"href":"https:\/\/www.opinando.com.br\/v1\/wp-json\/wp\/v2\/comments?post=329"}],"version-history":[{"count":4,"href":"https:\/\/www.opinando.com.br\/v1\/wp-json\/wp\/v2\/posts\/329\/revisions"}],"predecessor-version":[{"id":337,"href":"https:\/\/www.opinando.com.br\/v1\/wp-json\/wp\/v2\/posts\/329\/revisions\/337"}],"wp:attachment":[{"href":"https:\/\/www.opinando.com.br\/v1\/wp-json\/wp\/v2\/media?parent=329"}],"wp:term":[{"taxonomy":"category","embeddable":true,"href":"https:\/\/www.opinando.com.br\/v1\/wp-json\/wp\/v2\/categories?post=329"},{"taxonomy":"post_tag","embeddable":true,"href":"https:\/\/www.opinando.com.br\/v1\/wp-json\/wp\/v2\/tags?post=329"}],"curies":[{"name":"wp","href":"https:\/\/api.w.org\/{rel}","templated":true}]}}