{"id":339,"date":"2014-02-07T10:00:39","date_gmt":"2014-02-07T13:00:39","guid":{"rendered":"http:\/\/www.opinando.com.br\/v1\/?p=339"},"modified":"2014-11-22T08:18:47","modified_gmt":"2014-11-22T11:18:47","slug":"como-faco-para-chegar-em-casa","status":"publish","type":"post","link":"https:\/\/www.opinando.com.br\/v1\/2014\/02\/07\/como-faco-para-chegar-em-casa\/","title":{"rendered":"Como fa\u00e7o para chegar em casa?"},"content":{"rendered":"<h2 style=\"text-align: center;\"><span style=\"color: #888888;\">Cegueira pol\u00edtica prejudica a v\u00e1rios cidad\u00e3os<\/span><\/h2>\n<p><a href=\"http:\/\/www.opinando.com.br\/v1\/2014\/02\/07\/como-faco-para-chegar-em-casa\/chegar-em-casa\/\" rel=\"attachment wp-att-340\"><img decoding=\"async\" loading=\"lazy\" class=\"size-full wp-image-340 aligncenter\" src=\"http:\/\/www.opinando.com.br\/v1\/wp-content\/uploads\/2014\/02\/Chegar-em-casa.jpg\" alt=\"Chegar-em-casa\" width=\"500\" height=\"520\" srcset=\"https:\/\/www.opinando.com.br\/v1\/wp-content\/uploads\/2014\/02\/Chegar-em-casa.jpg 500w, https:\/\/www.opinando.com.br\/v1\/wp-content\/uploads\/2014\/02\/Chegar-em-casa-288x300.jpg 288w\" sizes=\"(max-width: 500px) 100vw, 500px\" \/><\/a><\/p>\n<p style=\"text-align: justify;\">Aberra\u00e7\u00e3o. Esta \u00e9 a melhor palavra para definir a atual sinaliza\u00e7\u00e3o que est\u00e3o implantando em nossa cidade. Desde a instala\u00e7\u00e3o de sem\u00e1foros sem uma intensidade de transito que justifique, a sinaliza\u00e7\u00e3o de m\u00e3o \u00fanica em vias de pouco acesso e movimento, a quebra de costumes desnecess\u00e1rios, e, at\u00e9 mesmo a sinais claros de persegui\u00e7\u00e3o e discrimina\u00e7\u00e3o.<\/p>\n<p style=\"text-align: justify;\">Dentre tantas sinaliza\u00e7\u00f5es que s\u00e3o desobedecidas, por as placas estarem em locais errados, ao excesso de postes de ferro (por que muitas placas n\u00e3o s\u00e3o colocadas nos postes da concession\u00e1ria de energia? \u2013 n\u00e3o h\u00e1 restri\u00e7\u00f5es, ou h\u00e1?), outras tantas tornam imposs\u00edveis o transito em certas \u00e1reas.<\/p>\n<p style=\"text-align: justify;\">No Bairro Santa Rita, pr\u00f3ximo ao Pr\u00f3ximo ao Primeiro Gole, regi\u00e3o ao fundo da R\u00e1dio Portal FM, a Rua Jos\u00e9 Pereira Ramos e as Ruas laterais da Pra\u00e7a Maria da Gl\u00f3ria Meira Tanajura, t\u00eam o acesso proibido pela sinaliza\u00e7\u00e3o.<\/p>\n<p style=\"text-align: justify;\">Confira na imagem a sinaliza\u00e7\u00e3o da citada \u00e1rea, com uma observa\u00e7\u00e3o: a pr\u00f3pria constru\u00e7\u00e3o da \u201cRua Santa Terezinha\u201d j\u00e1 \u00e9 para o transito fluir para a \u201cRua Antonio Meira Tanajura\u201d, n\u00e3o o contr\u00e1rio.<\/p>\n<p style=\"text-align: justify;\">A persegui\u00e7\u00e3o fica evidente. Nestes locais moramos eu, Gilton Hip\u00f3lito e o ex-Vereador Il\u00eddio de Castro. A cegueira de quem est\u00e1 no comando do executivo municipal far\u00e1 valermos do Artigo 90 do C\u00f3digo de Tr\u00e2nsito Brasileiro, ou uma a\u00e7\u00e3o por discrimina\u00e7\u00e3o e persegui\u00e7\u00e3o contra o prefeito\u00a0\u2013 a palavra final ficar\u00e1 para os Advogados.<\/p>\n<p style=\"text-align: justify;\">Veja o artigo 90 do CTB:<\/p>\n<p style=\"text-align: justify; padding-left: 150px;\"><em>Art. 90. N\u00e3o ser\u00e3o aplicadas as san\u00e7\u00f5es previstas neste C\u00f3digo por inobserv\u00e2ncia \u00e0 sinaliza\u00e7\u00e3o quando esta for insuficiente ou incorreta.<\/em><\/p>\n<p style=\"text-align: justify; padding-left: 150px;\"><em>\u00a7 1\u00ba O \u00f3rg\u00e3o ou entidade de tr\u00e2nsito com circunscri\u00e7\u00e3o sobre a via \u00e9 respons\u00e1vel pela implanta\u00e7\u00e3o da sinaliza\u00e7\u00e3o, respondendo pela sua falta, insufici\u00eancia ou incorreta coloca\u00e7\u00e3o.<\/em><\/p>\n","protected":false},"excerpt":{"rendered":"<p>Cegueira pol\u00edtica prejudica a v\u00e1rios cidad\u00e3os Aberra\u00e7\u00e3o. Esta \u00e9 a melhor palavra para definir a atual sinaliza\u00e7\u00e3o que est\u00e3o implantando em nossa cidade. Desde a instala\u00e7\u00e3o de sem\u00e1foros sem uma intensidade de transito que justifique, a sinaliza\u00e7\u00e3o de m\u00e3o \u00fanica em vias de pouco acesso e movimento, a quebra de costumes desnecess\u00e1rios, e, at\u00e9 mesmo [&hellip;]<\/p>\n","protected":false},"author":2,"featured_media":0,"comment_status":"open","ping_status":"open","sticky":false,"template":"","format":"standard","meta":{"_links_to":"","_links_to_target":""},"categories":[3],"tags":[],"views":1507,"_links":{"self":[{"href":"https:\/\/www.opinando.com.br\/v1\/wp-json\/wp\/v2\/posts\/339"}],"collection":[{"href":"https:\/\/www.opinando.com.br\/v1\/wp-json\/wp\/v2\/posts"}],"about":[{"href":"https:\/\/www.opinando.com.br\/v1\/wp-json\/wp\/v2\/types\/post"}],"author":[{"embeddable":true,"href":"https:\/\/www.opinando.com.br\/v1\/wp-json\/wp\/v2\/users\/2"}],"replies":[{"embeddable":true,"href":"https:\/\/www.opinando.com.br\/v1\/wp-json\/wp\/v2\/comments?post=339"}],"version-history":[{"count":6,"href":"https:\/\/www.opinando.com.br\/v1\/wp-json\/wp\/v2\/posts\/339\/revisions"}],"predecessor-version":[{"id":444,"href":"https:\/\/www.opinando.com.br\/v1\/wp-json\/wp\/v2\/posts\/339\/revisions\/444"}],"wp:attachment":[{"href":"https:\/\/www.opinando.com.br\/v1\/wp-json\/wp\/v2\/media?parent=339"}],"wp:term":[{"taxonomy":"category","embeddable":true,"href":"https:\/\/www.opinando.com.br\/v1\/wp-json\/wp\/v2\/categories?post=339"},{"taxonomy":"post_tag","embeddable":true,"href":"https:\/\/www.opinando.com.br\/v1\/wp-json\/wp\/v2\/tags?post=339"}],"curies":[{"name":"wp","href":"https:\/\/api.w.org\/{rel}","templated":true}]}}